{"id":1252,"date":"2015-10-19T12:42:22","date_gmt":"2015-10-19T12:42:22","guid":{"rendered":"http:\/\/blida.net\/fra\/?p=1252"},"modified":"2015-10-20T18:37:05","modified_gmt":"2015-10-20T18:37:05","slug":"deces-de-chantal-lefevre-directrice-de-limprimerie-mauguin","status":"publish","type":"post","link":"https:\/\/blida.net\/fra\/2015\/10\/19\/deces-de-chantal-lefevre-directrice-de-limprimerie-mauguin\/","title":{"rendered":"D\u00e9c\u00e8s de Chantal Lef\u00e8vre, directrice de l&rsquo;imprimerie Mauguin"},"content":{"rendered":"<p>La directrice de l&rsquo;imprimerie Mauguin, Chantal Lef\u00e8vre, \u00a0est d\u00e9c\u00e9d\u00e9e le samedi\u00a017 Octobre \u00e0 Sanary, pr\u00e8s de Toulon (France), des suites d\u2019une longue maladie, \u00e0 l\u2019\u00e2ge de 69\u00a0ans.<\/p>\n<figure id=\"attachment_1253\" aria-describedby=\"caption-attachment-1253\" style=\"width: 300px\" class=\"wp-caption aligncenter\"><a href=\"https:\/\/blida.net\/fra\/wp-content\/uploads\/2015\/10\/Chantal-Lef\u00e8vre-300x224.jpg\"><img loading=\"lazy\" decoding=\"async\" class=\"size-full wp-image-1253\" src=\"https:\/\/blida.net\/fra\/wp-content\/uploads\/2015\/10\/Chantal-Lef\u00e8vre-300x224.jpg\" alt=\"Chantal Lef\u00e8vre - Imprimerie Mauguin\" width=\"300\" height=\"224\" srcset=\"https:\/\/blida.net\/fra\/wp-content\/uploads\/2015\/10\/Chantal-Lef\u00e8vre-300x224.jpg 300w, https:\/\/blida.net\/fra\/wp-content\/uploads\/2015\/10\/Chantal-Lef\u00e8vre-300x224-208x155.jpg 208w\" sizes=\"auto, (max-width: 300px) 100vw, 300px\" \/><\/a><figcaption id=\"caption-attachment-1253\" class=\"wp-caption-text\">Chantal Lef\u00e8vre &#8211; Imprimerie Mauguin<\/figcaption><\/figure>\n<p>Chantal Lef\u00e8vre est n\u00e9e en 1946 \u00e0 Alger, dans le quartier du T\u00e9lemly o\u00f9\u00a0 elle y a fait son cursus scolaire primaire et moyen. Elle rejoint le lyc\u00e9e Fromentin, connu aussi sous le lyc\u00e9e\u00a0Descartes. Apr\u00e8s un passage en Espagne, elle s&rsquo;\u00e9tablit \u00e0 Blida en 1993.<\/p>\n<p>Un de ses anc\u00eatres, Alexandre Mauguin, a \u00e9t\u00e9 le fondateur de l&rsquo;imprimerie Mauguin en 1857. Ce fut la premi\u00e8re imprimerie en Alg\u00e9rie.<\/p>\n<p>Apr\u00e8s l&rsquo;ind\u00e9pendance, Mauguin et la Maison de la presse (\u00e0 cot\u00e9) ont \u00e9t\u00e9 les points de rep\u00e8re pour tout ce qui \u00e9tait livre, journaux et magazines \u00e0 Blida.<\/p>\n<p><strong>R\u00e9f\u00e9rence<\/strong><\/p>\n<p>http:\/\/nadorculture.unblog.fr\/2012\/07\/24\/chantal-lefevre-patronne-de-mauguin-la-plus-vieille-imprimerie-d%E2%80%99algerie\/<\/p>\n","protected":false},"excerpt":{"rendered":"<p>La directrice de l&rsquo;imprimerie Mauguin, Chantal Lef\u00e8vre, \u00a0est d\u00e9c\u00e9d\u00e9e le samedi\u00a017 Octobre \u00e0 Sanary, pr\u00e8s de Toulon (France), des suites d\u2019une longue maladie, \u00e0 l\u2019\u00e2ge de 69\u00a0ans. Chantal Lef\u00e8vre est n\u00e9e en 1946 \u00e0 Alger, dans le quartier du T\u00e9lemly o\u00f9\u00a0 elle y a fait son cursus scolaire primaire et moyen. Elle rejoint le lyc\u00e9e [&hellip;]<\/p>\n","protected":false},"author":1,"featured_media":0,"comment_status":"open","ping_status":"open","sticky":false,"template":"","format":"standard","meta":{"footnotes":""},"categories":[3],"tags":[125],"class_list":["post-1252","post","type-post","status-publish","format-standard","hentry","category-news","tag-mauguin"],"jetpack_featured_media_url":"","_links":{"self":[{"href":"https:\/\/blida.net\/fra\/wp-json\/wp\/v2\/posts\/1252","targetHints":{"allow":["GET"]}}],"collection":[{"href":"https:\/\/blida.net\/fra\/wp-json\/wp\/v2\/posts"}],"about":[{"href":"https:\/\/blida.net\/fra\/wp-json\/wp\/v2\/types\/post"}],"author":[{"embeddable":true,"href":"https:\/\/blida.net\/fra\/wp-json\/wp\/v2\/users\/1"}],"replies":[{"embeddable":true,"href":"https:\/\/blida.net\/fra\/wp-json\/wp\/v2\/comments?post=1252"}],"version-history":[{"count":3,"href":"https:\/\/blida.net\/fra\/wp-json\/wp\/v2\/posts\/1252\/revisions"}],"predecessor-version":[{"id":1256,"href":"https:\/\/blida.net\/fra\/wp-json\/wp\/v2\/posts\/1252\/revisions\/1256"}],"wp:attachment":[{"href":"https:\/\/blida.net\/fra\/wp-json\/wp\/v2\/media?parent=1252"}],"wp:term":[{"taxonomy":"category","embeddable":true,"href":"https:\/\/blida.net\/fra\/wp-json\/wp\/v2\/categories?post=1252"},{"taxonomy":"post_tag","embeddable":true,"href":"https:\/\/blida.net\/fra\/wp-json\/wp\/v2\/tags?post=1252"}],"curies":[{"name":"wp","href":"https:\/\/api.w.org\/{rel}","templated":true}]}}