{"id":370,"date":"2012-03-04T16:23:25","date_gmt":"2012-03-04T16:23:25","guid":{"rendered":"http:\/\/blida.net\/fra\/?p=370"},"modified":"2012-03-04T16:35:20","modified_gmt":"2012-03-04T16:35:20","slug":"traite-de-paix-et-reconnaissance-des-etats-unis-damerique-du-nord-1795","status":"publish","type":"post","link":"https:\/\/blida.net\/fra\/2012\/03\/04\/traite-de-paix-et-reconnaissance-des-etats-unis-damerique-du-nord-1795\/","title":{"rendered":"Trait\u00e9 de paix et reconnaissance des \u00c9tats Unis d&rsquo;Am\u00e9rique du Nord &#8211; 1795"},"content":{"rendered":"<p>Apr\u00e8s un certain nombre de recherches, j&rsquo;ai pu obtenir la r\u00e9f\u00e9rence compl\u00e8te du 1er trait\u00e9 sign\u00e9 entre la r\u00e9gence d&rsquo;Alger (Alg\u00e9rie) et les \u00c9tats Unis d&rsquo;Am\u00e9rique du Nord (\u00c9tats Unis). Celui-ci est aussi de facto-co le document de reconnaissance par l&rsquo;Alg\u00e9rie, qui reconnait ainsi la jeune r\u00e9publique am\u00e9ricaine dont l&rsquo;ind\u00e9pendance a \u00e9t\u00e9 d\u00e9clar\u00e9e en 1776 soit seulement 19 ans plus t\u00f4t.<!--more--><\/p>\n<p>La premi\u00e8re page du trait\u00e9 de paix et d&rsquo;amiti\u00e9 est la suivante<\/p>\n<figure id=\"attachment_371\" aria-describedby=\"caption-attachment-371\" style=\"width: 244px\" class=\"wp-caption aligncenter\"><a href=\"https:\/\/blida.net\/fra\/wp-content\/uploads\/2012\/03\/traite_algerie_us_pg1.jpg\"><img loading=\"lazy\" decoding=\"async\" class=\"size-full wp-image-371\" title=\"traite_algerie_us_pg1\" src=\"https:\/\/blida.net\/fra\/wp-content\/uploads\/2012\/03\/traite_algerie_us_pg1.jpg\" alt=\"1er trait\u00e9 alg\u00e9ro-americain 1795\" width=\"244\" height=\"366\" srcset=\"https:\/\/blida.net\/fra\/wp-content\/uploads\/2012\/03\/traite_algerie_us_pg1.jpg 244w, https:\/\/blida.net\/fra\/wp-content\/uploads\/2012\/03\/traite_algerie_us_pg1-200x300.jpg 200w\" sizes=\"auto, (max-width: 244px) 100vw, 244px\" \/><\/a><figcaption id=\"caption-attachment-371\" class=\"wp-caption-text\">1er trait\u00e9 alg\u00e9ro-americain 1795- page 1<\/figcaption><\/figure>\n<p>Les parties signatrices \u00e0 Alger le 5 septembre 1795 sont le dey Hassan Basha pour la partie Alg\u00e9rienne et Joseph Donaldson Jr pour la partie Am\u00e9ricaine. Le trait\u00e9 a \u00e9t\u00e9 sign\u00e9 en arabe par Hassan Basha au si\u00e8ge du gouvernement (El Djeninna).<\/p>\n<p>Le document a \u00e9t\u00e9 approuv\u00e9 et conclu par David Humphreys, commissioner plenipentionary US, \u00e0 Lisbonne le 28 novembre 1795.<\/p>\n<p>La derni\u00e8re page du trait\u00e9 de paix et d&rsquo;amiti\u00e9 est la suivante:<\/p>\n<figure id=\"attachment_374\" aria-describedby=\"caption-attachment-374\" style=\"width: 244px\" class=\"wp-caption aligncenter\"><a href=\"https:\/\/blida.net\/fra\/wp-content\/uploads\/2012\/03\/traite_algerie_us_pg2.jpg\"><img loading=\"lazy\" decoding=\"async\" class=\"size-full wp-image-374\" title=\"traite_algerie_us_pg2\" src=\"https:\/\/blida.net\/fra\/wp-content\/uploads\/2012\/03\/traite_algerie_us_pg2.jpg\" alt=\"traite algerie us  \" width=\"244\" height=\"402\" srcset=\"https:\/\/blida.net\/fra\/wp-content\/uploads\/2012\/03\/traite_algerie_us_pg2.jpg 244w, https:\/\/blida.net\/fra\/wp-content\/uploads\/2012\/03\/traite_algerie_us_pg2-182x300.jpg 182w\" sizes=\"auto, (max-width: 244px) 100vw, 244px\" \/><\/a><figcaption id=\"caption-attachment-374\" class=\"wp-caption-text\">1er trait\u00e9 alg\u00e9ro-americain 1795- page 5<\/figcaption><\/figure>\n<p>Sa ratification a \u00e9t\u00e9 faite par le pr\u00e9sident am\u00e9ricain George Washington et le s\u00e9nat US le 02 Mars 1796.<\/p>\n<p>L&rsquo;original du c\u00f4t\u00e9 Alg\u00e9rien se trouve peut \u00eatre en France.<\/p>\n<p><strong>R\u00e9f\u00e9rence<\/strong>: United States Congressional serial set, Num\u00e9ro\u00a02262, Treaties and Conventions concluded between the United States of America and other Powers since july 4, 1776. Published 1889, Washington government printing office.<\/p>\n","protected":false},"excerpt":{"rendered":"<p>Apr\u00e8s un certain nombre de recherches, j&rsquo;ai pu obtenir la r\u00e9f\u00e9rence compl\u00e8te du 1er trait\u00e9 sign\u00e9 entre la r\u00e9gence d&rsquo;Alger (Alg\u00e9rie) et les \u00c9tats Unis d&rsquo;Am\u00e9rique du Nord (\u00c9tats Unis). Celui-ci est aussi de facto-co le document de reconnaissance par l&rsquo;Alg\u00e9rie, qui reconnait ainsi la jeune r\u00e9publique am\u00e9ricaine dont l&rsquo;ind\u00e9pendance a \u00e9t\u00e9 d\u00e9clar\u00e9e en 1776 [&hellip;]<\/p>\n","protected":false},"author":1,"featured_media":0,"comment_status":"open","ping_status":"open","sticky":false,"template":"","format":"standard","meta":{"footnotes":""},"categories":[6],"tags":[18,20],"class_list":["post-370","post","type-post","status-publish","format-standard","hentry","category-histoire","tag-diplomatie","tag-traite"],"jetpack_featured_media_url":"","_links":{"self":[{"href":"https:\/\/blida.net\/fra\/wp-json\/wp\/v2\/posts\/370","targetHints":{"allow":["GET"]}}],"collection":[{"href":"https:\/\/blida.net\/fra\/wp-json\/wp\/v2\/posts"}],"about":[{"href":"https:\/\/blida.net\/fra\/wp-json\/wp\/v2\/types\/post"}],"author":[{"embeddable":true,"href":"https:\/\/blida.net\/fra\/wp-json\/wp\/v2\/users\/1"}],"replies":[{"embeddable":true,"href":"https:\/\/blida.net\/fra\/wp-json\/wp\/v2\/comments?post=370"}],"version-history":[{"count":7,"href":"https:\/\/blida.net\/fra\/wp-json\/wp\/v2\/posts\/370\/revisions"}],"predecessor-version":[{"id":373,"href":"https:\/\/blida.net\/fra\/wp-json\/wp\/v2\/posts\/370\/revisions\/373"}],"wp:attachment":[{"href":"https:\/\/blida.net\/fra\/wp-json\/wp\/v2\/media?parent=370"}],"wp:term":[{"taxonomy":"category","embeddable":true,"href":"https:\/\/blida.net\/fra\/wp-json\/wp\/v2\/categories?post=370"},{"taxonomy":"post_tag","embeddable":true,"href":"https:\/\/blida.net\/fra\/wp-json\/wp\/v2\/tags?post=370"}],"curies":[{"name":"wp","href":"https:\/\/api.w.org\/{rel}","templated":true}]}}