{"id":741,"date":"2014-01-30T02:35:50","date_gmt":"2014-01-30T02:35:50","guid":{"rendered":"http:\/\/blida.net\/fra\/?p=741"},"modified":"2014-01-30T02:44:17","modified_gmt":"2014-01-30T02:44:17","slug":"sur-le-caractere-fougueux-des-algeriens-premonition-de-1870","status":"publish","type":"post","link":"https:\/\/blida.net\/fra\/2014\/01\/30\/sur-le-caractere-fougueux-des-algeriens-premonition-de-1870\/","title":{"rendered":"Sur le caract\u00e8re fougueux des alg\u00e9riens, pr\u00e9monition de 1870"},"content":{"rendered":"<p>Un livre que je voulais lire depuis longtemps, publi\u00e9 par les \u00c9ditions Mauguin de Blida en 1873, attira mon attention par le nom de son auteur -Bou el Haqq-, qui est tr\u00e8s probablement un nom d&#8217;emprunt utilis\u00e9 par un fran\u00e7ais. Le livre fait suite \u00e0 la guerre\u00a0<b>\u00a0franco-prussienne<\/b>\u00a0ou\u00a0<b>guerre de 1870<\/b>, o\u00f9 il y&rsquo;a eu tr\u00e8s probablement un grand nombre de soldats d&rsquo;origine alg\u00e9rienne qui y ont particip\u00e9, et qui se solda par la d\u00e9faite de la France et la perte de l&rsquo;alsace.<\/p>\n<p><a href=\"https:\/\/blida.net\/fra\/wp-content\/uploads\/2014\/01\/livre_crise1.jpg\"><img loading=\"lazy\" decoding=\"async\" class=\"size-full wp-image-743 aligncenter\" alt=\"livre_crise\" src=\"https:\/\/blida.net\/fra\/wp-content\/uploads\/2014\/01\/livre_crise1.jpg\" width=\"418\" height=\"465\" srcset=\"https:\/\/blida.net\/fra\/wp-content\/uploads\/2014\/01\/livre_crise1.jpg 418w, https:\/\/blida.net\/fra\/wp-content\/uploads\/2014\/01\/livre_crise1-269x300.jpg 269w\" sizes=\"auto, (max-width: 418px) 100vw, 418px\" \/><\/a><\/p>\n<p>&nbsp;<\/p>\n<p>&nbsp;<\/p>\n<p>&nbsp;<\/p>\n<p>Un extrait pr\u00e9monitoire du livre (pages 9 &#8211; 10) \u00e9crit en <strong>1873<\/strong>:<\/p>\n<p>\u00ab\u00a0<em>Aujourd&rsquo;hui, cette administration est renvers\u00e9e,\u00a0culbut\u00e9e ; et, si on n&rsquo;avait pas le soin d&rsquo;y suppl\u00e9er\u00a0par un syst\u00e8me \u00e9galement vigoureux, il\u00a0ne faudrait pas s&rsquo;\u00e9tonner, au premier embarras\u00a0suscit\u00e9 en Europe, de voir l&rsquo;Arabe tenter un\u00a0effort surhumain; effort qui, cette fois, pourrait\u00a0avoir pour cons\u00e9quence le cataclysme le plus\u00a0\u00e9pouvantable qu&rsquo;on ait encore imagin\u00e9.<\/em><\/p>\n<p><em>Si l&rsquo;Arabe avait eu pour lui l&rsquo;exp\u00e9rience des\u00a0\u00e9v\u00e9nements qui viennent de se d\u00e9rouler, il est en\u00a0effet hors de doute, que du Fran\u00e7ais en Alg\u00e9rie,\u00a0il ne resterait que le souvenir. Il n&rsquo;a pas comme\u00a0nous des engins de guerre terribles ; mais il a dans son coeur assez de haine, de fiel, de rancune\u00a0et de m\u00e9pris, pour y puiser un courage\u00a0surhumain qui le fera se ruer sur nos machines\u00a0de guerre.<\/em><\/p>\n<p><em>La g\u00e9n\u00e9rosit\u00e9, l&rsquo;\u00e9lan et le courage avec lesquels\u00a0les fils de l&rsquo;Afrique fran\u00e7aise, ont prodigu\u00e9 leur\u00a0sang sur les champs de bataille de Wissembourg,\u00a0de Reischoffen, de Wcerth, etc&#8230; , peuvent donner\u00a0la mesure de ce que serait ce peuple, s&rsquo;il se\u00a0pr\u00e9sentait de nouveau \u00e0 lui une occasion comme\u00a0celle qu&rsquo;il vient de manquer. S&rsquo;il a fait \u00e9cole, il\u00a0n&rsquo;en a pas moins grandi \u00e0 ses propres yeux, et\u00a0certainement l&rsquo;indig\u00e8ne qui, avant la guerre de\u00a0Prusse, n&rsquo;osait pas esp\u00e9rer nous jeter \u00e0 la mer, a\u00a0depuis lors acquis la conviction que cette id\u00e9e,\u00a0qu&rsquo;il a si souvent caress\u00e9e comme un r\u00eave, pourrait,\u00a0dans un avenir peut-\u00eatre peu \u00e9loign\u00e9, prendre\u00a0le caract\u00e8re d&rsquo;une chose r\u00e9elle.<\/em>\u00a0\u00bb<\/p>\n<p>Il restait alors 81 ans pour le 1er novembre 1954.<\/p>\n<p>R\u00e9f\u00e9rence: <a title=\"Guerre franco-prussienne\" href=\"http:\/\/fr.wikipedia.org\/wiki\/Guerre_franco-allemande_de_1870\" target=\"_blank\">guerre franco- prussienne de 1870<\/a><\/p>\n","protected":false},"excerpt":{"rendered":"<p>Un livre que je voulais lire depuis longtemps, publi\u00e9 par les \u00c9ditions Mauguin de Blida en 1873, attira mon attention par le nom de son auteur -Bou el Haqq-, qui est tr\u00e8s probablement un nom d&#8217;emprunt utilis\u00e9 par un fran\u00e7ais. Le livre fait suite \u00e0 la guerre\u00a0\u00a0franco-prussienne\u00a0ou\u00a0guerre de 1870, o\u00f9 il y&rsquo;a eu tr\u00e8s probablement [&hellip;]<\/p>\n","protected":false},"author":1,"featured_media":0,"comment_status":"open","ping_status":"open","sticky":false,"template":"","format":"standard","meta":{"footnotes":""},"categories":[6],"tags":[],"class_list":["post-741","post","type-post","status-publish","format-standard","hentry","category-histoire"],"jetpack_featured_media_url":"","_links":{"self":[{"href":"https:\/\/blida.net\/fra\/wp-json\/wp\/v2\/posts\/741","targetHints":{"allow":["GET"]}}],"collection":[{"href":"https:\/\/blida.net\/fra\/wp-json\/wp\/v2\/posts"}],"about":[{"href":"https:\/\/blida.net\/fra\/wp-json\/wp\/v2\/types\/post"}],"author":[{"embeddable":true,"href":"https:\/\/blida.net\/fra\/wp-json\/wp\/v2\/users\/1"}],"replies":[{"embeddable":true,"href":"https:\/\/blida.net\/fra\/wp-json\/wp\/v2\/comments?post=741"}],"version-history":[{"count":6,"href":"https:\/\/blida.net\/fra\/wp-json\/wp\/v2\/posts\/741\/revisions"}],"predecessor-version":[{"id":749,"href":"https:\/\/blida.net\/fra\/wp-json\/wp\/v2\/posts\/741\/revisions\/749"}],"wp:attachment":[{"href":"https:\/\/blida.net\/fra\/wp-json\/wp\/v2\/media?parent=741"}],"wp:term":[{"taxonomy":"category","embeddable":true,"href":"https:\/\/blida.net\/fra\/wp-json\/wp\/v2\/categories?post=741"},{"taxonomy":"post_tag","embeddable":true,"href":"https:\/\/blida.net\/fra\/wp-json\/wp\/v2\/tags?post=741"}],"curies":[{"name":"wp","href":"https:\/\/api.w.org\/{rel}","templated":true}]}}